{"id":3866,"date":"2020-07-24T16:39:13","date_gmt":"2020-07-24T16:39:13","guid":{"rendered":"https:\/\/celuzag.mx\/?p=3866"},"modified":"2025-04-28T20:04:35","modified_gmt":"2025-04-28T20:04:35","slug":"cultivo-de-mandarina","status":"publish","type":"post","link":"https:\/\/celuzag.mx\/en\/2020\/07\/24\/cultivo-de-mandarina\/","title":{"rendered":"Cultivo de mandarina"},"content":{"rendered":"<p>&nbsp;<\/p>\n<h3 style=\"text-align: center;\"><strong>Cultivo de mandarina<\/strong><\/h3>\n<p>&nbsp;<\/p>\n<p style=\"text-align: center;\">Los c\u00edtricos se originaron hace unos 20 millones de a\u00f1os en el sudeste asi\u00e1tico. Desde entonces hasta ahora han sufrido numerosas modificaciones debidas a la selecci\u00f3n natural y a hibridaciones tanto naturales como producidas por el hombre.<br \/>\nLa dispersi\u00f3n de los c\u00edtricos desde sus lugares de origen se debi\u00f3 fundamentalmente a los grandes movimientos migratorios: conquistas de Alejandro Magno, expansi\u00f3n del Islam, cruzadas, descubrimiento de Am\u00e9rica, etc.<\/p>\n<p><strong>IMPORTANCIA ECON\u00d3MICA Y DISTRIBUCI\u00d3N GEOGR\u00c1FICA<\/strong><\/p>\n<p style=\"text-align: center;\">Son cultivados por sus frutos de agradable sabor, sin semillas y muy f\u00e1ciles de pelar, lo que hacen que sean muy atractivos\u00a0para el consumidor.\u00a0Han alcanzado su m\u00e1ximo desarrollo en las \u00e1reas subtropicales (30-40\u00ba latitud N y S). En estas \u00e1reas la producci\u00f3n es estacional y la calidad del fruto para el consumo en fresco es excelente.\u00a0La producci\u00f3n de mandarinas muestra un ritmo creciente m\u00e1s acusado que el de las naranjas.<\/p>\n<p>Hay un gran inter\u00e9s por las variedades precoces de clementina (Marisol, Clemenpons y otras) y en general por las clementinas de calidad (Clemenules y otras). Las variedades de clementina de maduraci\u00f3n tard\u00eda tambi\u00e9n son muy apreciadas. En las regiones tropicales (desde el ecuador hasta 23-24\u00ba latitud N y S) la calidad el fruto es muy variable, dependiendo de los microclimas y de la altitud. La producci\u00f3n es casi continua a lo largo del a\u00f1o y generalmente los frutos no alcanzan su color caracter\u00edstico, si bien son jugosos, muy dulces y poco \u00e1cidos, y se destinan principalmente al mercado local.<br \/>\nEn \u00e1reas semitropicales (23-24\u00ba a 30\u00ba latitud N y S) los frutos tienen unas caracter\u00edstica intermedias: son muy jugosos, con un elevado contenido en az\u00facares y pueden ser destinados tanto al consumo en fresco como a la elaboraci\u00f3n de zumo.<br \/>\nActualmente los c\u00edtricos son los frutos de mayor producci\u00f3n en el mundo.<\/p>\n<p><strong>PROPAGACI\u00d3N<\/strong><\/p>\n<p style=\"text-align: center;\">En teor\u00eda en los c\u00edtricos es posible la propagaci\u00f3n sexual mediante semillas que son apom\u00edcticas (poliembri\u00f3nicas) y que vienen saneadas. No obstante la reproducci\u00f3n a trav\u00e9s de semillas presenta una serie de inconvenientes: dan plantas que tienen que pasar un per\u00edodo juvenil, que adem\u00e1s son bastante m\u00e1s vigorosas y que presentan heterogeneidad. Por tanto, es preferible la propagaci\u00f3n asexual y en concreto mediante injerto de escudete a yema velando en el mes de marzo, dando prendimientos muy buenos. Si se precisa de reinjertado para cambiar de variedad, se puede hacer el injerto de chapa que tambi\u00e9n da muy buenos resultados. El estaquillado es posible en algunas variedades de algunas especies, mientras que todas las especies se pueden micropropagar, pero en ambos casos solamente se utilizar\u00e1n como plantas madre para posteriores injertos.<\/p>","protected":false},"excerpt":{"rendered":"<p>&nbsp; Cultivo de mandarina &nbsp; Los c\u00edtricos se originaron hace unos 20 millones de a\u00f1os en el sudeste asi\u00e1tico. Desde entonces hasta ahora han sufrido numerosas modificaciones debidas a la selecci\u00f3n natural y a hibridaciones tanto naturales como producidas por el hombre. La dispersi\u00f3n de los c\u00edtricos desde sus lugares de origen se debi\u00f3 fundamentalmente a los grandes movimientos migratorios: conquistas de Alejandro Magno, expansi\u00f3n del Islam, cruzadas, descubrimiento de Am\u00e9rica, etc. IMPORTANCIA ECON\u00d3MICA Y DISTRIBUCI\u00d3N GEOGR\u00c1FICA Son cultivados por sus frutos de agradable sabor, sin semillas y muy f\u00e1ciles de pelar, lo que hacen que sean muy atractivos\u00a0para el consumidor.\u00a0Han alcanzado su m\u00e1ximo desarrollo en las \u00e1reas subtropicales (30-40\u00ba latitud N y S). En estas \u00e1reas la producci\u00f3n es estacional y la calidad del fruto para el consumo en fresco es excelente.\u00a0La producci\u00f3n de mandarinas muestra un ritmo creciente m\u00e1s acusado que el de las naranjas. Hay un gran inter\u00e9s por las variedades precoces de clementina (Marisol, Clemenpons y otras) y en general por las clementinas de calidad (Clemenules y otras). Las variedades de clementina de maduraci\u00f3n tard\u00eda tambi\u00e9n son muy apreciadas. En las regiones tropicales (desde el ecuador hasta 23-24\u00ba latitud N y S) la calidad el fruto es muy variable, dependiendo de los microclimas y de la altitud. La producci\u00f3n es casi continua a lo largo del a\u00f1o y generalmente los frutos no alcanzan su color caracter\u00edstico, si bien son jugosos, muy dulces y poco \u00e1cidos, y se destinan principalmente al mercado local. En \u00e1reas semitropicales (23-24\u00ba a 30\u00ba latitud N y S) los frutos tienen unas caracter\u00edstica intermedias: son muy jugosos, con un elevado contenido en az\u00facares y pueden ser destinados tanto al consumo en fresco como a la elaboraci\u00f3n de zumo. Actualmente los c\u00edtricos son los frutos de mayor producci\u00f3n en el mundo. PROPAGACI\u00d3N En teor\u00eda en los c\u00edtricos es posible la propagaci\u00f3n sexual mediante semillas que son apom\u00edcticas (poliembri\u00f3nicas) y que vienen saneadas. No obstante la reproducci\u00f3n a trav\u00e9s de semillas presenta una serie de inconvenientes: dan plantas que tienen que pasar un per\u00edodo juvenil, que adem\u00e1s son bastante m\u00e1s vigorosas y que presentan heterogeneidad. Por tanto, es preferible la propagaci\u00f3n asexual y en concreto mediante injerto de escudete a yema velando en el mes de marzo, dando prendimientos muy buenos. Si se precisa de reinjertado para cambiar de variedad, se puede hacer el injerto de chapa que tambi\u00e9n da muy buenos resultados. El estaquillado es posible en algunas variedades de algunas especies, mientras que todas las especies se pueden micropropagar, pero en ambos casos solamente se utilizar\u00e1n como plantas madre para posteriores injertos.<\/p>","protected":false},"author":2,"featured_media":3868,"comment_status":"closed","ping_status":"closed","sticky":false,"template":"elementor_header_footer","format":"image","meta":{"_joinchat":[],"footnotes":""},"categories":[1],"tags":[],"class_list":["post-3866","post","type-post","status-publish","format-image","has-post-thumbnail","hentry","category-uncategorized","post_format-post-format-image"],"yoast_head":"<!-- This site is optimized with the Yoast SEO plugin v26.9 - https:\/\/yoast.com\/product\/yoast-seo-wordpress\/ -->\n<title>Cultivo de mandarina - Celuz AGRO<\/title>\n<meta name=\"robots\" content=\"index, follow, max-snippet:-1, max-image-preview:large, max-video-preview:-1\" \/>\n<link rel=\"canonical\" href=\"https:\/\/celuzag.mx\/en\/2020\/07\/24\/cultivo-de-mandarina\/\" \/>\n<meta property=\"og:locale\" content=\"en_US\" \/>\n<meta property=\"og:type\" content=\"article\" \/>\n<meta property=\"og:title\" content=\"Cultivo de mandarina - Celuz AGRO\" \/>\n<meta property=\"og:description\" content=\"&nbsp; Cultivo de mandarina &nbsp; Los c\u00edtricos se originaron hace unos 20 millones de a\u00f1os en el sudeste asi\u00e1tico. Desde entonces hasta ahora han sufrido numerosas modificaciones debidas a la selecci\u00f3n natural y a hibridaciones tanto naturales como producidas por el hombre. La dispersi\u00f3n de los c\u00edtricos desde sus lugares de origen se debi\u00f3 fundamentalmente a los grandes movimientos migratorios: conquistas de Alejandro Magno, expansi\u00f3n del Islam, cruzadas, descubrimiento de Am\u00e9rica, etc. IMPORTANCIA ECON\u00d3MICA Y DISTRIBUCI\u00d3N GEOGR\u00c1FICA Son cultivados por sus frutos de agradable sabor, sin semillas y muy f\u00e1ciles de pelar, lo que hacen que sean muy atractivos\u00a0para el consumidor.\u00a0Han alcanzado su m\u00e1ximo desarrollo en las \u00e1reas subtropicales (30-40\u00ba latitud N y S). En estas \u00e1reas la producci\u00f3n es estacional y la calidad del fruto para el consumo en fresco es excelente.\u00a0La producci\u00f3n de mandarinas muestra un ritmo creciente m\u00e1s acusado que el de las naranjas. Hay un gran inter\u00e9s por las variedades precoces de clementina (Marisol, Clemenpons y otras) y en general por las clementinas de calidad (Clemenules y otras). Las variedades de clementina de maduraci\u00f3n tard\u00eda tambi\u00e9n son muy apreciadas. En las regiones tropicales (desde el ecuador hasta 23-24\u00ba latitud N y S) la calidad el fruto es muy variable, dependiendo de los microclimas y de la altitud. La producci\u00f3n es casi continua a lo largo del a\u00f1o y generalmente los frutos no alcanzan su color caracter\u00edstico, si bien son jugosos, muy dulces y poco \u00e1cidos, y se destinan principalmente al mercado local. En \u00e1reas semitropicales (23-24\u00ba a 30\u00ba latitud N y S) los frutos tienen unas caracter\u00edstica intermedias: son muy jugosos, con un elevado contenido en az\u00facares y pueden ser destinados tanto al consumo en fresco como a la elaboraci\u00f3n de zumo. Actualmente los c\u00edtricos son los frutos de mayor producci\u00f3n en el mundo. PROPAGACI\u00d3N En teor\u00eda en los c\u00edtricos es posible la propagaci\u00f3n sexual mediante semillas que son apom\u00edcticas (poliembri\u00f3nicas) y que vienen saneadas. No obstante la reproducci\u00f3n a trav\u00e9s de semillas presenta una serie de inconvenientes: dan plantas que tienen que pasar un per\u00edodo juvenil, que adem\u00e1s son bastante m\u00e1s vigorosas y que presentan heterogeneidad. Por tanto, es preferible la propagaci\u00f3n asexual y en concreto mediante injerto de escudete a yema velando en el mes de marzo, dando prendimientos muy buenos. Si se precisa de reinjertado para cambiar de variedad, se puede hacer el injerto de chapa que tambi\u00e9n da muy buenos resultados. El estaquillado es posible en algunas variedades de algunas especies, mientras que todas las especies se pueden micropropagar, pero en ambos casos solamente se utilizar\u00e1n como plantas madre para posteriores injertos.\" \/>\n<meta property=\"og:url\" content=\"https:\/\/celuzag.mx\/en\/2020\/07\/24\/cultivo-de-mandarina\/\" \/>\n<meta property=\"og:site_name\" content=\"Celuz AGRO\" \/>\n<meta property=\"article:publisher\" content=\"https:\/\/www.facebook.com\/CeluzAgro\" \/>\n<meta property=\"article:published_time\" content=\"2020-07-24T16:39:13+00:00\" \/>\n<meta property=\"article:modified_time\" content=\"2025-04-28T20:04:35+00:00\" \/>\n<meta property=\"og:image\" content=\"https:\/\/celuzag.mx\/wp-content\/uploads\/2020\/07\/Blog-24072020.jpg\" \/>\n\t<meta property=\"og:image:width\" content=\"2351\" \/>\n\t<meta property=\"og:image:height\" content=\"1386\" \/>\n\t<meta property=\"og:image:type\" content=\"image\/jpeg\" \/>\n<meta name=\"author\" content=\"Rigo Orozco\" \/>\n<meta name=\"twitter:card\" content=\"summary_large_image\" \/>\n<meta name=\"twitter:creator\" content=\"@CeluzAgro\" \/>\n<meta name=\"twitter:site\" content=\"@CeluzAgro\" \/>\n<meta name=\"twitter:label1\" content=\"Written by\" \/>\n\t<meta name=\"twitter:data1\" content=\"Rigo Orozco\" \/>\n\t<meta name=\"twitter:label2\" content=\"Est. reading time\" \/>\n\t<meta name=\"twitter:data2\" content=\"2 minutes\" \/>\n<script type=\"application\/ld+json\" class=\"yoast-schema-graph\">{\"@context\":\"https:\/\/schema.org\",\"@graph\":[{\"@type\":\"Article\",\"@id\":\"https:\/\/celuzag.mx\/2020\/07\/24\/cultivo-de-mandarina\/#article\",\"isPartOf\":{\"@id\":\"https:\/\/celuzag.mx\/2020\/07\/24\/cultivo-de-mandarina\/\"},\"author\":{\"name\":\"Rigo Orozco\",\"@id\":\"https:\/\/celuzag.mx\/#\/schema\/person\/d77f6d68ed7412771510e480f44d7cf8\"},\"headline\":\"Cultivo de mandarina\",\"datePublished\":\"2020-07-24T16:39:13+00:00\",\"dateModified\":\"2025-04-28T20:04:35+00:00\",\"mainEntityOfPage\":{\"@id\":\"https:\/\/celuzag.mx\/2020\/07\/24\/cultivo-de-mandarina\/\"},\"wordCount\":476,\"publisher\":{\"@id\":\"https:\/\/celuzag.mx\/#organization\"},\"image\":{\"@id\":\"https:\/\/celuzag.mx\/2020\/07\/24\/cultivo-de-mandarina\/#primaryimage\"},\"thumbnailUrl\":\"https:\/\/celuzag.mx\/wp-content\/uploads\/2020\/07\/Blog-24072020.jpg\",\"inLanguage\":\"en-US\"},{\"@type\":\"WebPage\",\"@id\":\"https:\/\/celuzag.mx\/2020\/07\/24\/cultivo-de-mandarina\/\",\"url\":\"https:\/\/celuzag.mx\/2020\/07\/24\/cultivo-de-mandarina\/\",\"name\":\"Cultivo de mandarina - Celuz AGRO\",\"isPartOf\":{\"@id\":\"https:\/\/celuzag.mx\/#website\"},\"primaryImageOfPage\":{\"@id\":\"https:\/\/celuzag.mx\/2020\/07\/24\/cultivo-de-mandarina\/#primaryimage\"},\"image\":{\"@id\":\"https:\/\/celuzag.mx\/2020\/07\/24\/cultivo-de-mandarina\/#primaryimage\"},\"thumbnailUrl\":\"https:\/\/celuzag.mx\/wp-content\/uploads\/2020\/07\/Blog-24072020.jpg\",\"datePublished\":\"2020-07-24T16:39:13+00:00\",\"dateModified\":\"2025-04-28T20:04:35+00:00\",\"breadcrumb\":{\"@id\":\"https:\/\/celuzag.mx\/2020\/07\/24\/cultivo-de-mandarina\/#breadcrumb\"},\"inLanguage\":\"en-US\",\"potentialAction\":[{\"@type\":\"ReadAction\",\"target\":[\"https:\/\/celuzag.mx\/2020\/07\/24\/cultivo-de-mandarina\/\"]}]},{\"@type\":\"ImageObject\",\"inLanguage\":\"en-US\",\"@id\":\"https:\/\/celuzag.mx\/2020\/07\/24\/cultivo-de-mandarina\/#primaryimage\",\"url\":\"https:\/\/celuzag.mx\/wp-content\/uploads\/2020\/07\/Blog-24072020.jpg\",\"contentUrl\":\"https:\/\/celuzag.mx\/wp-content\/uploads\/2020\/07\/Blog-24072020.jpg\",\"width\":2351,\"height\":1386},{\"@type\":\"BreadcrumbList\",\"@id\":\"https:\/\/celuzag.mx\/2020\/07\/24\/cultivo-de-mandarina\/#breadcrumb\",\"itemListElement\":[{\"@type\":\"ListItem\",\"position\":1,\"name\":\"Portada\",\"item\":\"https:\/\/celuzag.mx\/\"},{\"@type\":\"ListItem\",\"position\":2,\"name\":\"Cultivo de mandarina\"}]},{\"@type\":\"WebSite\",\"@id\":\"https:\/\/celuzag.mx\/#website\",\"url\":\"https:\/\/celuzag.mx\/\",\"name\":\"Celuz AGRO\",\"description\":\"Empresa de Productos Agricolas\",\"publisher\":{\"@id\":\"https:\/\/celuzag.mx\/#organization\"},\"potentialAction\":[{\"@type\":\"SearchAction\",\"target\":{\"@type\":\"EntryPoint\",\"urlTemplate\":\"https:\/\/celuzag.mx\/?s={search_term_string}\"},\"query-input\":{\"@type\":\"PropertyValueSpecification\",\"valueRequired\":true,\"valueName\":\"search_term_string\"}}],\"inLanguage\":\"en-US\"},{\"@type\":\"Organization\",\"@id\":\"https:\/\/celuzag.mx\/#organization\",\"name\":\"Celuz AGRO\",\"url\":\"https:\/\/celuzag.mx\/\",\"logo\":{\"@type\":\"ImageObject\",\"inLanguage\":\"en-US\",\"@id\":\"https:\/\/celuzag.mx\/#\/schema\/logo\/image\/\",\"url\":\"https:\/\/celuzag.mx\/wp-content\/uploads\/2017\/12\/cropped-cropped-Celuz-AGRO-Registrada-1-e1740420020149.png\",\"contentUrl\":\"https:\/\/celuzag.mx\/wp-content\/uploads\/2017\/12\/cropped-cropped-Celuz-AGRO-Registrada-1-e1740420020149.png\",\"width\":250,\"height\":88,\"caption\":\"Celuz AGRO\"},\"image\":{\"@id\":\"https:\/\/celuzag.mx\/#\/schema\/logo\/image\/\"},\"sameAs\":[\"https:\/\/www.facebook.com\/CeluzAgro\",\"https:\/\/x.com\/CeluzAgro\",\"https:\/\/www.instagram.com\/celuzagro\/\",\"https:\/\/www.youtube.com\/@celuzagro519\",\"https:\/\/mx.linkedin.com\/company\/celuz-agro\"]},{\"@type\":\"Person\",\"@id\":\"https:\/\/celuzag.mx\/#\/schema\/person\/d77f6d68ed7412771510e480f44d7cf8\",\"name\":\"Rigo Orozco\",\"image\":{\"@type\":\"ImageObject\",\"inLanguage\":\"en-US\",\"@id\":\"https:\/\/celuzag.mx\/#\/schema\/person\/image\/\",\"url\":\"https:\/\/secure.gravatar.com\/avatar\/39f47e5a51654c59891fc131e5a5c90049a682e688ed1741dd4acbb8375b179f?s=96&d=mm&r=g\",\"contentUrl\":\"https:\/\/secure.gravatar.com\/avatar\/39f47e5a51654c59891fc131e5a5c90049a682e688ed1741dd4acbb8375b179f?s=96&d=mm&r=g\",\"caption\":\"Rigo Orozco\"},\"url\":\"https:\/\/celuzag.mx\/en\/author\/rigo-marketing\/\"}]}<\/script>\n<!-- \/ Yoast SEO plugin. -->","yoast_head_json":{"title":"Cultivo de mandarina - Celuz AGRO","robots":{"index":"index","follow":"follow","max-snippet":"max-snippet:-1","max-image-preview":"max-image-preview:large","max-video-preview":"max-video-preview:-1"},"canonical":"https:\/\/celuzag.mx\/en\/2020\/07\/24\/cultivo-de-mandarina\/","og_locale":"en_US","og_type":"article","og_title":"Cultivo de mandarina - Celuz AGRO","og_description":"&nbsp; Cultivo de mandarina &nbsp; Los c\u00edtricos se originaron hace unos 20 millones de a\u00f1os en el sudeste asi\u00e1tico. Desde entonces hasta ahora han sufrido numerosas modificaciones debidas a la selecci\u00f3n natural y a hibridaciones tanto naturales como producidas por el hombre. La dispersi\u00f3n de los c\u00edtricos desde sus lugares de origen se debi\u00f3 fundamentalmente a los grandes movimientos migratorios: conquistas de Alejandro Magno, expansi\u00f3n del Islam, cruzadas, descubrimiento de Am\u00e9rica, etc. IMPORTANCIA ECON\u00d3MICA Y DISTRIBUCI\u00d3N GEOGR\u00c1FICA Son cultivados por sus frutos de agradable sabor, sin semillas y muy f\u00e1ciles de pelar, lo que hacen que sean muy atractivos\u00a0para el consumidor.\u00a0Han alcanzado su m\u00e1ximo desarrollo en las \u00e1reas subtropicales (30-40\u00ba latitud N y S). En estas \u00e1reas la producci\u00f3n es estacional y la calidad del fruto para el consumo en fresco es excelente.\u00a0La producci\u00f3n de mandarinas muestra un ritmo creciente m\u00e1s acusado que el de las naranjas. Hay un gran inter\u00e9s por las variedades precoces de clementina (Marisol, Clemenpons y otras) y en general por las clementinas de calidad (Clemenules y otras). Las variedades de clementina de maduraci\u00f3n tard\u00eda tambi\u00e9n son muy apreciadas. En las regiones tropicales (desde el ecuador hasta 23-24\u00ba latitud N y S) la calidad el fruto es muy variable, dependiendo de los microclimas y de la altitud. La producci\u00f3n es casi continua a lo largo del a\u00f1o y generalmente los frutos no alcanzan su color caracter\u00edstico, si bien son jugosos, muy dulces y poco \u00e1cidos, y se destinan principalmente al mercado local. En \u00e1reas semitropicales (23-24\u00ba a 30\u00ba latitud N y S) los frutos tienen unas caracter\u00edstica intermedias: son muy jugosos, con un elevado contenido en az\u00facares y pueden ser destinados tanto al consumo en fresco como a la elaboraci\u00f3n de zumo. Actualmente los c\u00edtricos son los frutos de mayor producci\u00f3n en el mundo. PROPAGACI\u00d3N En teor\u00eda en los c\u00edtricos es posible la propagaci\u00f3n sexual mediante semillas que son apom\u00edcticas (poliembri\u00f3nicas) y que vienen saneadas. No obstante la reproducci\u00f3n a trav\u00e9s de semillas presenta una serie de inconvenientes: dan plantas que tienen que pasar un per\u00edodo juvenil, que adem\u00e1s son bastante m\u00e1s vigorosas y que presentan heterogeneidad. Por tanto, es preferible la propagaci\u00f3n asexual y en concreto mediante injerto de escudete a yema velando en el mes de marzo, dando prendimientos muy buenos. Si se precisa de reinjertado para cambiar de variedad, se puede hacer el injerto de chapa que tambi\u00e9n da muy buenos resultados. El estaquillado es posible en algunas variedades de algunas especies, mientras que todas las especies se pueden micropropagar, pero en ambos casos solamente se utilizar\u00e1n como plantas madre para posteriores injertos.","og_url":"https:\/\/celuzag.mx\/en\/2020\/07\/24\/cultivo-de-mandarina\/","og_site_name":"Celuz AGRO","article_publisher":"https:\/\/www.facebook.com\/CeluzAgro","article_published_time":"2020-07-24T16:39:13+00:00","article_modified_time":"2025-04-28T20:04:35+00:00","og_image":[{"width":2351,"height":1386,"url":"https:\/\/celuzag.mx\/wp-content\/uploads\/2020\/07\/Blog-24072020.jpg","type":"image\/jpeg"}],"author":"Rigo Orozco","twitter_card":"summary_large_image","twitter_creator":"@CeluzAgro","twitter_site":"@CeluzAgro","twitter_misc":{"Written by":"Rigo Orozco","Est. reading time":"2 minutes"},"schema":{"@context":"https:\/\/schema.org","@graph":[{"@type":"Article","@id":"https:\/\/celuzag.mx\/2020\/07\/24\/cultivo-de-mandarina\/#article","isPartOf":{"@id":"https:\/\/celuzag.mx\/2020\/07\/24\/cultivo-de-mandarina\/"},"author":{"name":"Rigo Orozco","@id":"https:\/\/celuzag.mx\/#\/schema\/person\/d77f6d68ed7412771510e480f44d7cf8"},"headline":"Cultivo de mandarina","datePublished":"2020-07-24T16:39:13+00:00","dateModified":"2025-04-28T20:04:35+00:00","mainEntityOfPage":{"@id":"https:\/\/celuzag.mx\/2020\/07\/24\/cultivo-de-mandarina\/"},"wordCount":476,"publisher":{"@id":"https:\/\/celuzag.mx\/#organization"},"image":{"@id":"https:\/\/celuzag.mx\/2020\/07\/24\/cultivo-de-mandarina\/#primaryimage"},"thumbnailUrl":"https:\/\/celuzag.mx\/wp-content\/uploads\/2020\/07\/Blog-24072020.jpg","inLanguage":"en-US"},{"@type":"WebPage","@id":"https:\/\/celuzag.mx\/2020\/07\/24\/cultivo-de-mandarina\/","url":"https:\/\/celuzag.mx\/2020\/07\/24\/cultivo-de-mandarina\/","name":"Cultivo de mandarina - Celuz AGRO","isPartOf":{"@id":"https:\/\/celuzag.mx\/#website"},"primaryImageOfPage":{"@id":"https:\/\/celuzag.mx\/2020\/07\/24\/cultivo-de-mandarina\/#primaryimage"},"image":{"@id":"https:\/\/celuzag.mx\/2020\/07\/24\/cultivo-de-mandarina\/#primaryimage"},"thumbnailUrl":"https:\/\/celuzag.mx\/wp-content\/uploads\/2020\/07\/Blog-24072020.jpg","datePublished":"2020-07-24T16:39:13+00:00","dateModified":"2025-04-28T20:04:35+00:00","breadcrumb":{"@id":"https:\/\/celuzag.mx\/2020\/07\/24\/cultivo-de-mandarina\/#breadcrumb"},"inLanguage":"en-US","potentialAction":[{"@type":"ReadAction","target":["https:\/\/celuzag.mx\/2020\/07\/24\/cultivo-de-mandarina\/"]}]},{"@type":"ImageObject","inLanguage":"en-US","@id":"https:\/\/celuzag.mx\/2020\/07\/24\/cultivo-de-mandarina\/#primaryimage","url":"https:\/\/celuzag.mx\/wp-content\/uploads\/2020\/07\/Blog-24072020.jpg","contentUrl":"https:\/\/celuzag.mx\/wp-content\/uploads\/2020\/07\/Blog-24072020.jpg","width":2351,"height":1386},{"@type":"BreadcrumbList","@id":"https:\/\/celuzag.mx\/2020\/07\/24\/cultivo-de-mandarina\/#breadcrumb","itemListElement":[{"@type":"ListItem","position":1,"name":"Portada","item":"https:\/\/celuzag.mx\/"},{"@type":"ListItem","position":2,"name":"Cultivo de mandarina"}]},{"@type":"WebSite","@id":"https:\/\/celuzag.mx\/#website","url":"https:\/\/celuzag.mx\/","name":"It designs organic and biological solutions for agriculture, with new high-tech formulas that lead to greater crop control and effiency","description":"Empresa de Productos Agricolas","publisher":{"@id":"https:\/\/celuzag.mx\/#organization"},"potentialAction":[{"@type":"SearchAction","target":{"@type":"EntryPoint","urlTemplate":"https:\/\/celuzag.mx\/?s={search_term_string}"},"query-input":{"@type":"PropertyValueSpecification","valueRequired":true,"valueName":"search_term_string"}}],"inLanguage":"en-US"},{"@type":"Organization","@id":"https:\/\/celuzag.mx\/#organization","name":"It designs organic and biological solutions for agriculture, with new high-tech formulas that lead to greater crop control and effiency","url":"https:\/\/celuzag.mx\/","logo":{"@type":"ImageObject","inLanguage":"en-US","@id":"https:\/\/celuzag.mx\/#\/schema\/logo\/image\/","url":"https:\/\/celuzag.mx\/wp-content\/uploads\/2017\/12\/cropped-cropped-Celuz-AGRO-Registrada-1-e1740420020149.png","contentUrl":"https:\/\/celuzag.mx\/wp-content\/uploads\/2017\/12\/cropped-cropped-Celuz-AGRO-Registrada-1-e1740420020149.png","width":250,"height":88,"caption":"Celuz AGRO"},"image":{"@id":"https:\/\/celuzag.mx\/#\/schema\/logo\/image\/"},"sameAs":["https:\/\/www.facebook.com\/CeluzAgro","https:\/\/x.com\/CeluzAgro","https:\/\/www.instagram.com\/celuzagro\/","https:\/\/www.youtube.com\/@celuzagro519","https:\/\/mx.linkedin.com\/company\/celuz-agro"]},{"@type":"Person","@id":"https:\/\/celuzag.mx\/#\/schema\/person\/d77f6d68ed7412771510e480f44d7cf8","name":"Rigo Orozco","image":{"@type":"ImageObject","inLanguage":"en-US","@id":"https:\/\/celuzag.mx\/#\/schema\/person\/image\/","url":"https:\/\/secure.gravatar.com\/avatar\/39f47e5a51654c59891fc131e5a5c90049a682e688ed1741dd4acbb8375b179f?s=96&d=mm&r=g","contentUrl":"https:\/\/secure.gravatar.com\/avatar\/39f47e5a51654c59891fc131e5a5c90049a682e688ed1741dd4acbb8375b179f?s=96&d=mm&r=g","caption":"Rigo Orozco"},"url":"https:\/\/celuzag.mx\/en\/author\/rigo-marketing\/"}]}},"_links":{"self":[{"href":"https:\/\/celuzag.mx\/en\/wp-json\/wp\/v2\/posts\/3866","targetHints":{"allow":["GET"]}}],"collection":[{"href":"https:\/\/celuzag.mx\/en\/wp-json\/wp\/v2\/posts"}],"about":[{"href":"https:\/\/celuzag.mx\/en\/wp-json\/wp\/v2\/types\/post"}],"author":[{"embeddable":true,"href":"https:\/\/celuzag.mx\/en\/wp-json\/wp\/v2\/users\/2"}],"replies":[{"embeddable":true,"href":"https:\/\/celuzag.mx\/en\/wp-json\/wp\/v2\/comments?post=3866"}],"version-history":[{"count":9,"href":"https:\/\/celuzag.mx\/en\/wp-json\/wp\/v2\/posts\/3866\/revisions"}],"predecessor-version":[{"id":16678,"href":"https:\/\/celuzag.mx\/en\/wp-json\/wp\/v2\/posts\/3866\/revisions\/16678"}],"wp:featuredmedia":[{"embeddable":true,"href":"https:\/\/celuzag.mx\/en\/wp-json\/wp\/v2\/media\/3868"}],"wp:attachment":[{"href":"https:\/\/celuzag.mx\/en\/wp-json\/wp\/v2\/media?parent=3866"}],"wp:term":[{"taxonomy":"category","embeddable":true,"href":"https:\/\/celuzag.mx\/en\/wp-json\/wp\/v2\/categories?post=3866"},{"taxonomy":"post_tag","embeddable":true,"href":"https:\/\/celuzag.mx\/en\/wp-json\/wp\/v2\/tags?post=3866"}],"curies":[{"name":"wp","href":"https:\/\/api.w.org\/{rel}","templated":true}]}}