{"id":9470,"date":"2024-06-28T16:06:49","date_gmt":"2024-06-28T16:06:49","guid":{"rendered":"https:\/\/celuzag.mx\/?p=9470"},"modified":"2025-04-28T17:15:24","modified_gmt":"2025-04-28T17:15:24","slug":"9470","status":"publish","type":"post","link":"https:\/\/celuzag.mx\/en\/2024\/06\/28\/9470\/","title":{"rendered":"Impacto de la contaminaci\u00f3n del aire"},"content":{"rendered":"<div data-elementor-type=\"wp-post\" data-elementor-id=\"9470\" class=\"elementor elementor-9470\">\n\t\t\t\t\t\t<section class=\"elementor-section elementor-top-section elementor-element elementor-element-38689586 elementor-section-boxed elementor-section-height-default elementor-section-height-default wpr-particle-no wpr-jarallax-no wpr-parallax-no wpr-sticky-section-no\" data-id=\"38689586\" data-element_type=\"section\" data-e-type=\"section\">\n\t\t\t\t\t\t<div class=\"elementor-container elementor-column-gap-default\">\n\t\t\t\t\t<div class=\"elementor-column elementor-col-100 elementor-top-column elementor-element elementor-element-1dc2ff3b\" data-id=\"1dc2ff3b\" data-element_type=\"column\" data-e-type=\"column\">\n\t\t\t<div class=\"elementor-widget-wrap elementor-element-populated\">\n\t\t\t\t\t\t<div class=\"elementor-element elementor-element-44e2e46d elementor-widget elementor-widget-text-editor\" data-id=\"44e2e46d\" data-element_type=\"widget\" data-e-type=\"widget\" data-widget_type=\"text-editor.default\">\n\t\t\t\t<div class=\"elementor-widget-container\">\n\t\t\t\t\t\t\t\t\t<p style=\"text-align: center;\">La contaminaci\u00f3n del aire determina el ritmo, la extensi\u00f3n y distribuci\u00f3n regional del cambio clim\u00e1tico este influye en la calidad del aire a trav\u00e9s de temperaturas m\u00e1s altas que aceleran las reacciones qu\u00edmicas.<\/p><p style=\"text-align: center;\">El impacto de la contaminaci\u00f3n del aire es importante ya que cada a\u00f1o se pierden toneladas de cultivos por esta raz\u00f3n, el ozono da\u00f1a las c\u00e9lulas vegetales y obstaculiza la fotos\u00edntesis, en cuanto a la neblina y part\u00edculas que est\u00e1n en el aire afectan y reducen la cantidad de luz que puede llegar a las plantas.<\/p><p style=\"text-align: center;\">La huella ambiental que deja la agricultura tambi\u00e9n tiene consecuencias el uso excesivo de fertilizantes a base de nitr\u00f3geno provoca emisiones de amoniaco, el uso de la quema de cultivos e incendios forestales para despejar la tierra en la agricultura es el causante de materia particulada.<\/p><p style=\"text-align: center;\">Una de las opciones para reducir el impacto de la contaminaci\u00f3n del aire es la agricultura regenerativos, esta opci\u00f3n sustentable garantiza un mejor futuro gracias a algunas pr\u00e1cticas somo la siembra directa, el uso de cubiertas vegetales y la rotaci\u00f3n de cultivos.<\/p><p style=\"text-align: center;\"><strong>FUENTE:<\/strong> INTAGRI NUM. 61<\/p>\t\t\t\t\t\t\t\t<\/div>\n\t\t\t\t<\/div>\n\t\t\t\t\t<\/div>\n\t\t<\/div>\n\t\t\t\t\t<\/div>\n\t\t<\/section>\n\t\t\t\t<\/div>","protected":false},"excerpt":{"rendered":"<p>La contaminaci\u00f3n del aire determina el ritmo, la extensi\u00f3n y distribuci\u00f3n regional del cambio clim\u00e1tico este influye en la calidad del aire a trav\u00e9s de temperaturas m\u00e1s altas que aceleran las reacciones qu\u00edmicas. El impacto de la contaminaci\u00f3n del aire es importante ya que cada a\u00f1o se pierden toneladas de cultivos por esta raz\u00f3n, el ozono da\u00f1a las c\u00e9lulas vegetales y obstaculiza la fotos\u00edntesis, en cuanto a la neblina y part\u00edculas que est\u00e1n en el aire afectan y reducen la cantidad de luz que puede llegar a las plantas. La huella ambiental que deja la agricultura tambi\u00e9n tiene consecuencias el uso excesivo de fertilizantes a base de nitr\u00f3geno provoca emisiones de amoniaco, el uso de la quema de cultivos e incendios forestales para despejar la tierra en la agricultura es el causante de materia particulada. Una de las opciones para reducir el impacto de la contaminaci\u00f3n del aire es la agricultura regenerativos, esta opci\u00f3n sustentable garantiza un mejor futuro gracias a algunas pr\u00e1cticas somo la siembra directa, el uso de cubiertas vegetales y la rotaci\u00f3n de cultivos. FUENTE: INTAGRI NUM. 61<\/p>","protected":false},"author":2,"featured_media":9471,"comment_status":"closed","ping_status":"closed","sticky":false,"template":"","format":"standard","meta":{"_joinchat":[],"footnotes":""},"categories":[1],"tags":[],"class_list":["post-9470","post","type-post","status-publish","format-standard","has-post-thumbnail","hentry","category-uncategorized"],"yoast_head":"<!-- This site is optimized with the Yoast SEO plugin v26.9 - https:\/\/yoast.com\/product\/yoast-seo-wordpress\/ -->\n<title>Impacto de la contaminaci\u00f3n del aire - Celuz AGRO<\/title>\n<meta name=\"robots\" content=\"index, follow, max-snippet:-1, max-image-preview:large, max-video-preview:-1\" \/>\n<link rel=\"canonical\" href=\"https:\/\/celuzag.mx\/en\/2024\/06\/28\/9470\/\" \/>\n<meta property=\"og:locale\" content=\"en_US\" \/>\n<meta property=\"og:type\" content=\"article\" \/>\n<meta property=\"og:title\" content=\"Impacto de la contaminaci\u00f3n del aire - Celuz AGRO\" \/>\n<meta property=\"og:description\" content=\"La contaminaci\u00f3n del aire determina el ritmo, la extensi\u00f3n y distribuci\u00f3n regional del cambio clim\u00e1tico este influye en la calidad del aire a trav\u00e9s de temperaturas m\u00e1s altas que aceleran las reacciones qu\u00edmicas. El impacto de la contaminaci\u00f3n del aire es importante ya que cada a\u00f1o se pierden toneladas de cultivos por esta raz\u00f3n, el ozono da\u00f1a las c\u00e9lulas vegetales y obstaculiza la fotos\u00edntesis, en cuanto a la neblina y part\u00edculas que est\u00e1n en el aire afectan y reducen la cantidad de luz que puede llegar a las plantas. La huella ambiental que deja la agricultura tambi\u00e9n tiene consecuencias el uso excesivo de fertilizantes a base de nitr\u00f3geno provoca emisiones de amoniaco, el uso de la quema de cultivos e incendios forestales para despejar la tierra en la agricultura es el causante de materia particulada. Una de las opciones para reducir el impacto de la contaminaci\u00f3n del aire es la agricultura regenerativos, esta opci\u00f3n sustentable garantiza un mejor futuro gracias a algunas pr\u00e1cticas somo la siembra directa, el uso de cubiertas vegetales y la rotaci\u00f3n de cultivos. FUENTE: INTAGRI NUM. 61\" \/>\n<meta property=\"og:url\" content=\"https:\/\/celuzag.mx\/en\/2024\/06\/28\/9470\/\" \/>\n<meta property=\"og:site_name\" content=\"Celuz AGRO\" \/>\n<meta property=\"article:publisher\" content=\"https:\/\/www.facebook.com\/CeluzAgro\" \/>\n<meta property=\"article:published_time\" content=\"2024-06-28T16:06:49+00:00\" \/>\n<meta property=\"article:modified_time\" content=\"2025-04-28T17:15:24+00:00\" \/>\n<meta property=\"og:image\" content=\"https:\/\/celuzag.mx\/wp-content\/uploads\/2024\/06\/wp-junio-28.jpg\" \/>\n\t<meta property=\"og:image:width\" content=\"1800\" \/>\n\t<meta property=\"og:image:height\" content=\"1062\" \/>\n\t<meta property=\"og:image:type\" content=\"image\/jpeg\" \/>\n<meta name=\"author\" content=\"Rigo Orozco\" \/>\n<meta name=\"twitter:card\" content=\"summary_large_image\" \/>\n<meta name=\"twitter:creator\" content=\"@CeluzAgro\" \/>\n<meta name=\"twitter:site\" content=\"@CeluzAgro\" \/>\n<meta name=\"twitter:label1\" content=\"Written by\" \/>\n\t<meta name=\"twitter:data1\" content=\"Rigo Orozco\" \/>\n\t<meta name=\"twitter:label2\" content=\"Est. reading time\" \/>\n\t<meta name=\"twitter:data2\" content=\"1 minute\" \/>\n<script type=\"application\/ld+json\" class=\"yoast-schema-graph\">{\"@context\":\"https:\/\/schema.org\",\"@graph\":[{\"@type\":\"Article\",\"@id\":\"https:\/\/celuzag.mx\/2024\/06\/28\/9470\/#article\",\"isPartOf\":{\"@id\":\"https:\/\/celuzag.mx\/2024\/06\/28\/9470\/\"},\"author\":{\"name\":\"Rigo Orozco\",\"@id\":\"https:\/\/celuzag.mx\/#\/schema\/person\/d77f6d68ed7412771510e480f44d7cf8\"},\"headline\":\"Impacto de la contaminaci\u00f3n del aire\",\"datePublished\":\"2024-06-28T16:06:49+00:00\",\"dateModified\":\"2025-04-28T17:15:24+00:00\",\"mainEntityOfPage\":{\"@id\":\"https:\/\/celuzag.mx\/2024\/06\/28\/9470\/\"},\"wordCount\":208,\"publisher\":{\"@id\":\"https:\/\/celuzag.mx\/#organization\"},\"image\":{\"@id\":\"https:\/\/celuzag.mx\/2024\/06\/28\/9470\/#primaryimage\"},\"thumbnailUrl\":\"https:\/\/celuzag.mx\/wp-content\/uploads\/2024\/06\/wp-junio-28.jpg\",\"inLanguage\":\"en-US\"},{\"@type\":\"WebPage\",\"@id\":\"https:\/\/celuzag.mx\/2024\/06\/28\/9470\/\",\"url\":\"https:\/\/celuzag.mx\/2024\/06\/28\/9470\/\",\"name\":\"Impacto de la contaminaci\u00f3n del aire - Celuz AGRO\",\"isPartOf\":{\"@id\":\"https:\/\/celuzag.mx\/#website\"},\"primaryImageOfPage\":{\"@id\":\"https:\/\/celuzag.mx\/2024\/06\/28\/9470\/#primaryimage\"},\"image\":{\"@id\":\"https:\/\/celuzag.mx\/2024\/06\/28\/9470\/#primaryimage\"},\"thumbnailUrl\":\"https:\/\/celuzag.mx\/wp-content\/uploads\/2024\/06\/wp-junio-28.jpg\",\"datePublished\":\"2024-06-28T16:06:49+00:00\",\"dateModified\":\"2025-04-28T17:15:24+00:00\",\"breadcrumb\":{\"@id\":\"https:\/\/celuzag.mx\/2024\/06\/28\/9470\/#breadcrumb\"},\"inLanguage\":\"en-US\",\"potentialAction\":[{\"@type\":\"ReadAction\",\"target\":[\"https:\/\/celuzag.mx\/2024\/06\/28\/9470\/\"]}]},{\"@type\":\"ImageObject\",\"inLanguage\":\"en-US\",\"@id\":\"https:\/\/celuzag.mx\/2024\/06\/28\/9470\/#primaryimage\",\"url\":\"https:\/\/celuzag.mx\/wp-content\/uploads\/2024\/06\/wp-junio-28.jpg\",\"contentUrl\":\"https:\/\/celuzag.mx\/wp-content\/uploads\/2024\/06\/wp-junio-28.jpg\",\"width\":1800,\"height\":1062},{\"@type\":\"BreadcrumbList\",\"@id\":\"https:\/\/celuzag.mx\/2024\/06\/28\/9470\/#breadcrumb\",\"itemListElement\":[{\"@type\":\"ListItem\",\"position\":1,\"name\":\"Portada\",\"item\":\"https:\/\/celuzag.mx\/\"},{\"@type\":\"ListItem\",\"position\":2,\"name\":\"Impacto de la contaminaci\u00f3n del aire\"}]},{\"@type\":\"WebSite\",\"@id\":\"https:\/\/celuzag.mx\/#website\",\"url\":\"https:\/\/celuzag.mx\/\",\"name\":\"Celuz AGRO\",\"description\":\"Empresa de Productos Agricolas\",\"publisher\":{\"@id\":\"https:\/\/celuzag.mx\/#organization\"},\"potentialAction\":[{\"@type\":\"SearchAction\",\"target\":{\"@type\":\"EntryPoint\",\"urlTemplate\":\"https:\/\/celuzag.mx\/?s={search_term_string}\"},\"query-input\":{\"@type\":\"PropertyValueSpecification\",\"valueRequired\":true,\"valueName\":\"search_term_string\"}}],\"inLanguage\":\"en-US\"},{\"@type\":\"Organization\",\"@id\":\"https:\/\/celuzag.mx\/#organization\",\"name\":\"Celuz AGRO\",\"url\":\"https:\/\/celuzag.mx\/\",\"logo\":{\"@type\":\"ImageObject\",\"inLanguage\":\"en-US\",\"@id\":\"https:\/\/celuzag.mx\/#\/schema\/logo\/image\/\",\"url\":\"https:\/\/celuzag.mx\/wp-content\/uploads\/2017\/12\/cropped-cropped-Celuz-AGRO-Registrada-1-e1740420020149.png\",\"contentUrl\":\"https:\/\/celuzag.mx\/wp-content\/uploads\/2017\/12\/cropped-cropped-Celuz-AGRO-Registrada-1-e1740420020149.png\",\"width\":250,\"height\":88,\"caption\":\"Celuz AGRO\"},\"image\":{\"@id\":\"https:\/\/celuzag.mx\/#\/schema\/logo\/image\/\"},\"sameAs\":[\"https:\/\/www.facebook.com\/CeluzAgro\",\"https:\/\/x.com\/CeluzAgro\",\"https:\/\/www.instagram.com\/celuzagro\/\",\"https:\/\/www.youtube.com\/@celuzagro519\",\"https:\/\/mx.linkedin.com\/company\/celuz-agro\"]},{\"@type\":\"Person\",\"@id\":\"https:\/\/celuzag.mx\/#\/schema\/person\/d77f6d68ed7412771510e480f44d7cf8\",\"name\":\"Rigo Orozco\",\"image\":{\"@type\":\"ImageObject\",\"inLanguage\":\"en-US\",\"@id\":\"https:\/\/celuzag.mx\/#\/schema\/person\/image\/\",\"url\":\"https:\/\/secure.gravatar.com\/avatar\/39f47e5a51654c59891fc131e5a5c90049a682e688ed1741dd4acbb8375b179f?s=96&d=mm&r=g\",\"contentUrl\":\"https:\/\/secure.gravatar.com\/avatar\/39f47e5a51654c59891fc131e5a5c90049a682e688ed1741dd4acbb8375b179f?s=96&d=mm&r=g\",\"caption\":\"Rigo Orozco\"},\"url\":\"https:\/\/celuzag.mx\/en\/author\/rigo-marketing\/\"}]}<\/script>\n<!-- \/ Yoast SEO plugin. -->","yoast_head_json":{"title":"Impacto de la contaminaci\u00f3n del aire - Celuz AGRO","robots":{"index":"index","follow":"follow","max-snippet":"max-snippet:-1","max-image-preview":"max-image-preview:large","max-video-preview":"max-video-preview:-1"},"canonical":"https:\/\/celuzag.mx\/en\/2024\/06\/28\/9470\/","og_locale":"en_US","og_type":"article","og_title":"Impacto de la contaminaci\u00f3n del aire - Celuz AGRO","og_description":"La contaminaci\u00f3n del aire determina el ritmo, la extensi\u00f3n y distribuci\u00f3n regional del cambio clim\u00e1tico este influye en la calidad del aire a trav\u00e9s de temperaturas m\u00e1s altas que aceleran las reacciones qu\u00edmicas. El impacto de la contaminaci\u00f3n del aire es importante ya que cada a\u00f1o se pierden toneladas de cultivos por esta raz\u00f3n, el ozono da\u00f1a las c\u00e9lulas vegetales y obstaculiza la fotos\u00edntesis, en cuanto a la neblina y part\u00edculas que est\u00e1n en el aire afectan y reducen la cantidad de luz que puede llegar a las plantas. La huella ambiental que deja la agricultura tambi\u00e9n tiene consecuencias el uso excesivo de fertilizantes a base de nitr\u00f3geno provoca emisiones de amoniaco, el uso de la quema de cultivos e incendios forestales para despejar la tierra en la agricultura es el causante de materia particulada. Una de las opciones para reducir el impacto de la contaminaci\u00f3n del aire es la agricultura regenerativos, esta opci\u00f3n sustentable garantiza un mejor futuro gracias a algunas pr\u00e1cticas somo la siembra directa, el uso de cubiertas vegetales y la rotaci\u00f3n de cultivos. FUENTE: INTAGRI NUM. 61","og_url":"https:\/\/celuzag.mx\/en\/2024\/06\/28\/9470\/","og_site_name":"Celuz AGRO","article_publisher":"https:\/\/www.facebook.com\/CeluzAgro","article_published_time":"2024-06-28T16:06:49+00:00","article_modified_time":"2025-04-28T17:15:24+00:00","og_image":[{"width":1800,"height":1062,"url":"https:\/\/celuzag.mx\/wp-content\/uploads\/2024\/06\/wp-junio-28.jpg","type":"image\/jpeg"}],"author":"Rigo Orozco","twitter_card":"summary_large_image","twitter_creator":"@CeluzAgro","twitter_site":"@CeluzAgro","twitter_misc":{"Written by":"Rigo Orozco","Est. reading time":"1 minute"},"schema":{"@context":"https:\/\/schema.org","@graph":[{"@type":"Article","@id":"https:\/\/celuzag.mx\/2024\/06\/28\/9470\/#article","isPartOf":{"@id":"https:\/\/celuzag.mx\/2024\/06\/28\/9470\/"},"author":{"name":"Rigo Orozco","@id":"https:\/\/celuzag.mx\/#\/schema\/person\/d77f6d68ed7412771510e480f44d7cf8"},"headline":"Impacto de la contaminaci\u00f3n del aire","datePublished":"2024-06-28T16:06:49+00:00","dateModified":"2025-04-28T17:15:24+00:00","mainEntityOfPage":{"@id":"https:\/\/celuzag.mx\/2024\/06\/28\/9470\/"},"wordCount":208,"publisher":{"@id":"https:\/\/celuzag.mx\/#organization"},"image":{"@id":"https:\/\/celuzag.mx\/2024\/06\/28\/9470\/#primaryimage"},"thumbnailUrl":"https:\/\/celuzag.mx\/wp-content\/uploads\/2024\/06\/wp-junio-28.jpg","inLanguage":"en-US"},{"@type":"WebPage","@id":"https:\/\/celuzag.mx\/2024\/06\/28\/9470\/","url":"https:\/\/celuzag.mx\/2024\/06\/28\/9470\/","name":"Impacto de la contaminaci\u00f3n del aire - Celuz AGRO","isPartOf":{"@id":"https:\/\/celuzag.mx\/#website"},"primaryImageOfPage":{"@id":"https:\/\/celuzag.mx\/2024\/06\/28\/9470\/#primaryimage"},"image":{"@id":"https:\/\/celuzag.mx\/2024\/06\/28\/9470\/#primaryimage"},"thumbnailUrl":"https:\/\/celuzag.mx\/wp-content\/uploads\/2024\/06\/wp-junio-28.jpg","datePublished":"2024-06-28T16:06:49+00:00","dateModified":"2025-04-28T17:15:24+00:00","breadcrumb":{"@id":"https:\/\/celuzag.mx\/2024\/06\/28\/9470\/#breadcrumb"},"inLanguage":"en-US","potentialAction":[{"@type":"ReadAction","target":["https:\/\/celuzag.mx\/2024\/06\/28\/9470\/"]}]},{"@type":"ImageObject","inLanguage":"en-US","@id":"https:\/\/celuzag.mx\/2024\/06\/28\/9470\/#primaryimage","url":"https:\/\/celuzag.mx\/wp-content\/uploads\/2024\/06\/wp-junio-28.jpg","contentUrl":"https:\/\/celuzag.mx\/wp-content\/uploads\/2024\/06\/wp-junio-28.jpg","width":1800,"height":1062},{"@type":"BreadcrumbList","@id":"https:\/\/celuzag.mx\/2024\/06\/28\/9470\/#breadcrumb","itemListElement":[{"@type":"ListItem","position":1,"name":"Portada","item":"https:\/\/celuzag.mx\/"},{"@type":"ListItem","position":2,"name":"Impacto de la contaminaci\u00f3n del aire"}]},{"@type":"WebSite","@id":"https:\/\/celuzag.mx\/#website","url":"https:\/\/celuzag.mx\/","name":"It designs organic and biological solutions for agriculture, with new high-tech formulas that lead to greater crop control and effiency","description":"Empresa de Productos Agricolas","publisher":{"@id":"https:\/\/celuzag.mx\/#organization"},"potentialAction":[{"@type":"SearchAction","target":{"@type":"EntryPoint","urlTemplate":"https:\/\/celuzag.mx\/?s={search_term_string}"},"query-input":{"@type":"PropertyValueSpecification","valueRequired":true,"valueName":"search_term_string"}}],"inLanguage":"en-US"},{"@type":"Organization","@id":"https:\/\/celuzag.mx\/#organization","name":"It designs organic and biological solutions for agriculture, with new high-tech formulas that lead to greater crop control and effiency","url":"https:\/\/celuzag.mx\/","logo":{"@type":"ImageObject","inLanguage":"en-US","@id":"https:\/\/celuzag.mx\/#\/schema\/logo\/image\/","url":"https:\/\/celuzag.mx\/wp-content\/uploads\/2017\/12\/cropped-cropped-Celuz-AGRO-Registrada-1-e1740420020149.png","contentUrl":"https:\/\/celuzag.mx\/wp-content\/uploads\/2017\/12\/cropped-cropped-Celuz-AGRO-Registrada-1-e1740420020149.png","width":250,"height":88,"caption":"Celuz AGRO"},"image":{"@id":"https:\/\/celuzag.mx\/#\/schema\/logo\/image\/"},"sameAs":["https:\/\/www.facebook.com\/CeluzAgro","https:\/\/x.com\/CeluzAgro","https:\/\/www.instagram.com\/celuzagro\/","https:\/\/www.youtube.com\/@celuzagro519","https:\/\/mx.linkedin.com\/company\/celuz-agro"]},{"@type":"Person","@id":"https:\/\/celuzag.mx\/#\/schema\/person\/d77f6d68ed7412771510e480f44d7cf8","name":"Rigo Orozco","image":{"@type":"ImageObject","inLanguage":"en-US","@id":"https:\/\/celuzag.mx\/#\/schema\/person\/image\/","url":"https:\/\/secure.gravatar.com\/avatar\/39f47e5a51654c59891fc131e5a5c90049a682e688ed1741dd4acbb8375b179f?s=96&d=mm&r=g","contentUrl":"https:\/\/secure.gravatar.com\/avatar\/39f47e5a51654c59891fc131e5a5c90049a682e688ed1741dd4acbb8375b179f?s=96&d=mm&r=g","caption":"Rigo Orozco"},"url":"https:\/\/celuzag.mx\/en\/author\/rigo-marketing\/"}]}},"_links":{"self":[{"href":"https:\/\/celuzag.mx\/en\/wp-json\/wp\/v2\/posts\/9470","targetHints":{"allow":["GET"]}}],"collection":[{"href":"https:\/\/celuzag.mx\/en\/wp-json\/wp\/v2\/posts"}],"about":[{"href":"https:\/\/celuzag.mx\/en\/wp-json\/wp\/v2\/types\/post"}],"author":[{"embeddable":true,"href":"https:\/\/celuzag.mx\/en\/wp-json\/wp\/v2\/users\/2"}],"replies":[{"embeddable":true,"href":"https:\/\/celuzag.mx\/en\/wp-json\/wp\/v2\/comments?post=9470"}],"version-history":[{"count":7,"href":"https:\/\/celuzag.mx\/en\/wp-json\/wp\/v2\/posts\/9470\/revisions"}],"predecessor-version":[{"id":16566,"href":"https:\/\/celuzag.mx\/en\/wp-json\/wp\/v2\/posts\/9470\/revisions\/16566"}],"wp:featuredmedia":[{"embeddable":true,"href":"https:\/\/celuzag.mx\/en\/wp-json\/wp\/v2\/media\/9471"}],"wp:attachment":[{"href":"https:\/\/celuzag.mx\/en\/wp-json\/wp\/v2\/media?parent=9470"}],"wp:term":[{"taxonomy":"category","embeddable":true,"href":"https:\/\/celuzag.mx\/en\/wp-json\/wp\/v2\/categories?post=9470"},{"taxonomy":"post_tag","embeddable":true,"href":"https:\/\/celuzag.mx\/en\/wp-json\/wp\/v2\/tags?post=9470"}],"curies":[{"name":"wp","href":"https:\/\/api.w.org\/{rel}","templated":true}]}}